{"id":1,"date":"2020-04-20T08:28:40","date_gmt":"2020-04-20T08:28:40","guid":{"rendered":"http:\/\/hdcomp.hu\/?p=1"},"modified":"2022-03-01T17:46:26","modified_gmt":"2022-03-01T17:46:26","slug":"hello-world","status":"publish","type":"post","link":"https:\/\/hdcomp.hu\/index.php\/2020\/04\/20\/hello-world\/","title":{"rendered":"Lenovo t\u00e1blag\u00e9p &#8211; Elf\u00e1radt USB csatlakoz\u00f3"},"content":{"rendered":"\n<p>A mai feladat egy 10&#8243;-os Lenovo t\u00e1blag\u00e9p USB csatlakoz\u00f3j\u00e1nak jav\u00edt\u00e1sa. Sajnos a m\u00e1rkaszerviz csak komplett alaplapcser\u00e9vel v\u00e1llaln\u00e1 a jav\u00edt\u00e1st, melynek \u00e1ra megk\u00f6zel\u00edten\u00e9 a komplett g\u00e9p \u00e1r\u00e1t. szerencs\u00e9re siker\u00fclt tal\u00e1lnom a rakt\u00e1rban hozz\u00e1 val\u00f3 csatlakoz\u00f3t, m\u00e1r csak a m\u0171t\u00e9t van h\u00e1tra&#8230;.<\/p>\n\n\n\n<figure class=\"wp-block-image size-large\"><img loading=\"lazy\" decoding=\"async\" width=\"1024\" height=\"768\" src=\"http:\/\/hdcomp.hu\/wp-content\/uploads\/2020\/05\/IMG_20200520_105903-1024x768.jpg\" alt=\"\" class=\"wp-image-50\" srcset=\"https:\/\/hdcomp.hu\/wp-content\/uploads\/2020\/05\/IMG_20200520_105903-1024x768.jpg 1024w, https:\/\/hdcomp.hu\/wp-content\/uploads\/2020\/05\/IMG_20200520_105903-scaled-600x450.jpg 600w, https:\/\/hdcomp.hu\/wp-content\/uploads\/2020\/05\/IMG_20200520_105903-300x225.jpg 300w, https:\/\/hdcomp.hu\/wp-content\/uploads\/2020\/05\/IMG_20200520_105903-768x576.jpg 768w, https:\/\/hdcomp.hu\/wp-content\/uploads\/2020\/05\/IMG_20200520_105903-1536x1152.jpg 1536w, https:\/\/hdcomp.hu\/wp-content\/uploads\/2020\/05\/IMG_20200520_105903-2048x1536.jpg 2048w\" sizes=\"(max-width: 1024px) 100vw, 1024px\" \/><\/figure>\n","protected":false},"excerpt":{"rendered":"<p>A mai feladat egy 10&#8243;-os Lenovo t\u00e1blag\u00e9p USB csatlakoz\u00f3j\u00e1nak jav\u00edt\u00e1sa. Sajnos a m\u00e1rkaszerviz csak komplett alaplapcser\u00e9vel v\u00e1llaln\u00e1 a jav\u00edt\u00e1st, melynek \u00e1ra megk\u00f6zel\u00edten\u00e9 a komplett g\u00e9p \u00e1r\u00e1t. szerencs\u00e9re siker\u00fclt tal\u00e1lnom a rakt\u00e1rban hozz\u00e1 val\u00f3 csatlakoz\u00f3t, m\u00e1r csak a m\u0171t\u00e9t van h\u00e1tra&#8230;.<\/p>\n","protected":false},"author":1,"featured_media":0,"comment_status":"closed","ping_status":"closed","sticky":false,"template":"","format":"standard","meta":{"footnotes":""},"categories":[1],"tags":[],"_links":{"self":[{"href":"https:\/\/hdcomp.hu\/index.php\/wp-json\/wp\/v2\/posts\/1"}],"collection":[{"href":"https:\/\/hdcomp.hu\/index.php\/wp-json\/wp\/v2\/posts"}],"about":[{"href":"https:\/\/hdcomp.hu\/index.php\/wp-json\/wp\/v2\/types\/post"}],"author":[{"embeddable":true,"href":"https:\/\/hdcomp.hu\/index.php\/wp-json\/wp\/v2\/users\/1"}],"replies":[{"embeddable":true,"href":"https:\/\/hdcomp.hu\/index.php\/wp-json\/wp\/v2\/comments?post=1"}],"version-history":[{"count":1,"href":"https:\/\/hdcomp.hu\/index.php\/wp-json\/wp\/v2\/posts\/1\/revisions"}],"predecessor-version":[{"id":51,"href":"https:\/\/hdcomp.hu\/index.php\/wp-json\/wp\/v2\/posts\/1\/revisions\/51"}],"wp:attachment":[{"href":"https:\/\/hdcomp.hu\/index.php\/wp-json\/wp\/v2\/media?parent=1"}],"wp:term":[{"taxonomy":"category","embeddable":true,"href":"https:\/\/hdcomp.hu\/index.php\/wp-json\/wp\/v2\/categories?post=1"},{"taxonomy":"post_tag","embeddable":true,"href":"https:\/\/hdcomp.hu\/index.php\/wp-json\/wp\/v2\/tags?post=1"}],"curies":[{"name":"wp","href":"https:\/\/api.w.org\/{rel}","templated":true}]}}